{"id":329,"date":"2010-10-03T12:23:11","date_gmt":"2010-10-03T09:23:11","guid":{"rendered":"http:\/\/www.vikipesa.ee\/?p=329"},"modified":"2010-10-04T10:33:19","modified_gmt":"2010-10-04T07:33:19","slug":"opitoad-tallinnas","status":"publish","type":"post","link":"https:\/\/www.vikipesa.ee\/?p=329","title":{"rendered":"\u00d5PITOAD Tallinnas."},"content":{"rendered":"<p><img loading=\"lazy\" decoding=\"async\" class=\"alignnone\" src=\"http:\/\/lh6.ggpht.com\/_axKkGNOrzNc\/TKRCnaQI4JI\/AAAAAAAAGDs\/Egb0VshHrs4\/s640\/DSC_0228.JPG\" alt=\"\" width=\"640\" height=\"427\" \/><\/p>\n<p>See kuu j\u00e4lle ja rohkelt saab 23. oktoobril lausa valida kolme kursuse vahel \ud83d\ude42<\/p>\n<ol>\n<li>Kell 11.00-13.00 <a href=\"http:\/\/blog.helmehaldjas.ee\/opitubade-kalender\/opituba-tekstiili-maalimine\/\">TEKSTIILI MAALIMINE<\/a><\/li>\n<li>Kell 13.00-16.00 <a href=\"http:\/\/blog.helmehaldjas.ee\/opitubade-kalender\/opituba-koitmine-omblusteta-albumkoide-ehk-fotoalbum\/\">\u00d5MBLUSETA ALBUMIK\u00d6IDE<\/a><\/li>\n<li><a href=\"http:\/\/blog.helmehaldjas.ee\/opitubade-kalender\/opituba-koitmine-omblusteta-albumkoide-ehk-fotoalbum\/\"><\/a>Kell 16.00-18.00 <a href=\"http:\/\/blog.helmehaldjas.ee\/opitubade-kalender\/opituba-koitmine-paeltele-ommeldud-markmik\/\">PAELTELE \u00d5MMELDUD M\u00c4RKMIK <\/a><\/li>\n<\/ol>\n<p>Tekstiili maalimises on siis m\u00f5nus v\u00f5imalus rohke v\u00e4rvivalikuga proovida ise maalida tekstiili eset, \u00f5mbluseta albumik\u00f6ide on see k\u00f5ige \u00f5igem fotoalbumi tegemine ja paeltele \u00f5mmeldud m\u00e4rkmik on h\u00e4sti armas ja palju v\u00f5imalusi pakkuv k\u00f6itestiil.<\/p>\n<p>\u00d5pituppa saab registreerida <a href=\"http:\/\/blog.helmehaldjas.ee\/opitubade-kalender\/\">SIIN<\/a><\/p>\n<p>Kohtumiseni!!!<\/p>\n","protected":false},"excerpt":{"rendered":"<p>See kuu j\u00e4lle ja rohkelt saab 23. oktoobril lausa valida kolme kursuse vahel \ud83d\ude42 Kell 11.00-13.00 TEKSTIILI MAALIMINE Kell 13.00-16.00 \u00d5MBLUSETA ALBUMIK\u00d6IDE Kell 16.00-18.00 PAELTELE \u00d5MMELDUD M\u00c4RKMIK Tekstiili maalimises on siis m\u00f5nus v\u00f5imalus rohke v\u00e4rvivalikuga proovida ise maalida tekstiili eset, \u00f5mbluseta albumik\u00f6ide on see k\u00f5ige \u00f5igem fotoalbumi tegemine ja paeltele \u00f5mmeldud m\u00e4rkmik on h\u00e4sti armas [&hellip;]<\/p>\n","protected":false},"author":3,"featured_media":0,"comment_status":"open","ping_status":"open","sticky":false,"template":"","format":"standard","meta":{"footnotes":""},"categories":[1],"tags":[25,28,17,35],"class_list":["post-329","post","type-post","status-publish","format-standard","hentry","category-uncategorized","tag-kursused","tag-maalimine","tag-poekott","tag-tesktiil"],"_links":{"self":[{"href":"https:\/\/www.vikipesa.ee\/index.php?rest_route=\/wp\/v2\/posts\/329","targetHints":{"allow":["GET"]}}],"collection":[{"href":"https:\/\/www.vikipesa.ee\/index.php?rest_route=\/wp\/v2\/posts"}],"about":[{"href":"https:\/\/www.vikipesa.ee\/index.php?rest_route=\/wp\/v2\/types\/post"}],"author":[{"embeddable":true,"href":"https:\/\/www.vikipesa.ee\/index.php?rest_route=\/wp\/v2\/users\/3"}],"replies":[{"embeddable":true,"href":"https:\/\/www.vikipesa.ee\/index.php?rest_route=%2Fwp%2Fv2%2Fcomments&post=329"}],"version-history":[{"count":3,"href":"https:\/\/www.vikipesa.ee\/index.php?rest_route=\/wp\/v2\/posts\/329\/revisions"}],"predecessor-version":[{"id":331,"href":"https:\/\/www.vikipesa.ee\/index.php?rest_route=\/wp\/v2\/posts\/329\/revisions\/331"}],"wp:attachment":[{"href":"https:\/\/www.vikipesa.ee\/index.php?rest_route=%2Fwp%2Fv2%2Fmedia&parent=329"}],"wp:term":[{"taxonomy":"category","embeddable":true,"href":"https:\/\/www.vikipesa.ee\/index.php?rest_route=%2Fwp%2Fv2%2Fcategories&post=329"},{"taxonomy":"post_tag","embeddable":true,"href":"https:\/\/www.vikipesa.ee\/index.php?rest_route=%2Fwp%2Fv2%2Ftags&post=329"}],"curies":[{"name":"wp","href":"https:\/\/api.w.org\/{rel}","templated":true}]}}