{"id":472,"date":"2011-06-02T09:54:55","date_gmt":"2011-06-02T06:54:55","guid":{"rendered":"http:\/\/www.vikipesa.ee\/?p=472"},"modified":"2011-06-02T09:54:55","modified_gmt":"2011-06-02T06:54:55","slug":"i%c2%b4m-back","status":"publish","type":"post","link":"https:\/\/www.vikipesa.ee\/?p=472","title":{"rendered":"I\u00b4m BACK"},"content":{"rendered":"<p>APPI ja ongi kuu aega m\u00f6\u00f6das minu viimasest postitusest, \u00fcks suur p\u00f5hjus oli metsik t\u00f6\u00f6koormus (mai kuu on ju nagu j\u00f5ulud, kui lisaks k\u00f5igele muule tuleb suur kogus lasteaedade ja koolide l\u00f5pukingid) ja mingit\u00f5ttu ei tee minu arvuti enam koost\u00f6\u00f6d, v\u00e4he sellest, et meilid ei taha h\u00e4sti liikuda viimasel ajal keeldub minu pildiprogramm sisse t\u00f5mbamast pilte t\u00f6\u00f6dest, heal juhul saan korraga paar netti ja seet\u00f5ttu olen kuu aega tasapisi ainult pilte pannud aga blogi j\u00e4i unarusse \ud83d\ude00<\/p>\n<p>Kuid&#8230;.n\u00e4itan siis eelmise kuu parima t\u00f6\u00f6. Meie siin L-E on v\u00e4ga andekad fotograafid ja \u00fcks nende seas oma v\u00e4ga laheda stiiliga on <a href=\"http:\/\/www.gerphoto.com\/\">Gerry<\/a> ja tema tegi mulle v\u00e4ga laheda v\u00e4ljakutse, stiil mis mulle on v\u00e4ga lemmik TAASKASUTUS \ud83d\ude42 Gerry idee ja soov ja minupoolne n\u00e4gemus siis sellest ja hoiatan, neid on hetkel proovina n\u00e4idata 3 erinevat, kinnituse ja fotode sahtli kujuga aga kokku tuleb neid 20 \ud83d\ude42<\/p>\n<p><img loading=\"lazy\" decoding=\"async\" class=\"alignnone\" src=\"https:\/\/lh5.googleusercontent.com\/-Qk7jtrBvSGk\/Td9BdWx0CRI\/AAAAAAAAITM\/5tPUQhy82sc\/s576\/DSC_0015-6.JPG\" alt=\"\" width=\"576\" height=\"500\" \/><\/p>\n<p><img loading=\"lazy\" decoding=\"async\" class=\"alignnone\" src=\"https:\/\/lh6.googleusercontent.com\/-bCY4E5xnGwg\/Td9BhYkZQFI\/AAAAAAAAITQ\/5__g1IQQXTU\/s640\/DSC_0016-6.JPG\" alt=\"\" width=\"640\" height=\"448\" \/><\/p>\n<p>Eraldi ka \ud83d\ude42<\/p>\n<p><img loading=\"lazy\" decoding=\"async\" class=\"alignnone\" src=\"https:\/\/lh3.googleusercontent.com\/-BLSYvPnwItY\/Td9A_wmImbI\/AAAAAAAAIS0\/fRg8iKKWgxM\/s640\/DSC_0008-19.JPG\" alt=\"\" width=\"640\" height=\"483\" \/><\/p>\n<p><img loading=\"lazy\" decoding=\"async\" class=\"alignnone\" src=\"https:\/\/lh6.googleusercontent.com\/-PJrhFkH7QSU\/Td9BDiAgKNI\/AAAAAAAAIS4\/QLr5HSFJ004\/s640\/DSC_0010-12.JPG\" alt=\"\" width=\"640\" height=\"476\" \/><\/p>\n<p><img loading=\"lazy\" decoding=\"async\" class=\"alignnone\" src=\"https:\/\/lh4.googleusercontent.com\/-JsNaLN09-f0\/Td9BF_QdHJI\/AAAAAAAAIS8\/vtPyq2XimIs\/s640\/DSC_0011-10.JPG\" alt=\"\" width=\"640\" height=\"426\" \/><\/p>\n<p><img loading=\"lazy\" decoding=\"async\" class=\"alignnone\" src=\"https:\/\/lh6.googleusercontent.com\/-r4KyLvebi_k\/Td9BNeNZ4TI\/AAAAAAAAITA\/CIBa96GjfnU\/s640\/DSC_0012-6.JPG\" alt=\"\" width=\"640\" height=\"443\" \/><\/p>\n<p><img loading=\"lazy\" decoding=\"async\" class=\"alignnone\" src=\"https:\/\/lh4.googleusercontent.com\/-TE1pvqrPRss\/Td9BQ80BqOI\/AAAAAAAAITE\/Rg1U_k9mLng\/s640\/DSC_0013-7.JPG\" alt=\"\" width=\"640\" height=\"426\" \/><\/p>\n<p><img loading=\"lazy\" decoding=\"async\" class=\"alignnone\" src=\"https:\/\/lh5.googleusercontent.com\/-HEf5OplLtZQ\/Td9BYD_BVCI\/AAAAAAAAITI\/sfE2OpA5XQ8\/s640\/DSC_0014-7.JPG\" alt=\"\" width=\"640\" height=\"436\" \/><\/p>\n<p>Kuigi v\u00f5ib tunduda, et mis ta \u00e4ra pole, lihtsalt rebid ja kleebid aga ei ole see mitte nii lihtne&#8230;istusin suures paberiribade hunnikus nagu rott \ud83d\ude00 otsisin ja sobitasin \ud83d\ude00 M\u00f5tlen isegi hirmuga et peaks kuhugi siis leidma nurga, et need viimased 17 ka sedasi teha&#8230;igas tahes ajalehe hunnik kasvab ja ootab \ud83d\ude42<\/p>\n","protected":false},"excerpt":{"rendered":"<p>APPI ja ongi kuu aega m\u00f6\u00f6das minu viimasest postitusest, \u00fcks suur p\u00f5hjus oli metsik t\u00f6\u00f6koormus (mai kuu on ju nagu j\u00f5ulud, kui lisaks k\u00f5igele muule tuleb suur kogus lasteaedade ja koolide l\u00f5pukingid) ja mingit\u00f5ttu ei tee minu arvuti enam koost\u00f6\u00f6d, v\u00e4he sellest, et meilid ei taha h\u00e4sti liikuda viimasel ajal keeldub minu pildiprogramm sisse t\u00f5mbamast [&hellip;]<\/p>\n","protected":false},"author":3,"featured_media":0,"comment_status":"open","ping_status":"open","sticky":false,"template":"","format":"standard","meta":{"footnotes":""},"categories":[1],"tags":[55,36,30],"class_list":["post-472","post","type-post","status-publish","format-standard","hentry","category-uncategorized","tag-fotodedvd-album","tag-koostoo","tag-taaskasutus"],"_links":{"self":[{"href":"https:\/\/www.vikipesa.ee\/index.php?rest_route=\/wp\/v2\/posts\/472","targetHints":{"allow":["GET"]}}],"collection":[{"href":"https:\/\/www.vikipesa.ee\/index.php?rest_route=\/wp\/v2\/posts"}],"about":[{"href":"https:\/\/www.vikipesa.ee\/index.php?rest_route=\/wp\/v2\/types\/post"}],"author":[{"embeddable":true,"href":"https:\/\/www.vikipesa.ee\/index.php?rest_route=\/wp\/v2\/users\/3"}],"replies":[{"embeddable":true,"href":"https:\/\/www.vikipesa.ee\/index.php?rest_route=%2Fwp%2Fv2%2Fcomments&post=472"}],"version-history":[{"count":2,"href":"https:\/\/www.vikipesa.ee\/index.php?rest_route=\/wp\/v2\/posts\/472\/revisions"}],"predecessor-version":[{"id":600,"href":"https:\/\/www.vikipesa.ee\/index.php?rest_route=\/wp\/v2\/posts\/472\/revisions\/600"}],"wp:attachment":[{"href":"https:\/\/www.vikipesa.ee\/index.php?rest_route=%2Fwp%2Fv2%2Fmedia&parent=472"}],"wp:term":[{"taxonomy":"category","embeddable":true,"href":"https:\/\/www.vikipesa.ee\/index.php?rest_route=%2Fwp%2Fv2%2Fcategories&post=472"},{"taxonomy":"post_tag","embeddable":true,"href":"https:\/\/www.vikipesa.ee\/index.php?rest_route=%2Fwp%2Fv2%2Ftags&post=472"}],"curies":[{"name":"wp","href":"https:\/\/api.w.org\/{rel}","templated":true}]}}