{"id":577,"date":"2011-12-06T09:38:16","date_gmt":"2011-12-06T06:38:16","guid":{"rendered":"http:\/\/www.vikipesa.ee\/?p=577"},"modified":"2011-12-06T10:56:15","modified_gmt":"2011-12-06T07:56:15","slug":"klaabud","status":"publish","type":"post","link":"https:\/\/www.vikipesa.ee\/?p=577","title":{"rendered":"Klaabud"},"content":{"rendered":"<p>Esimene j\u00f5ulu kink on valmis, esimene suur kink siis. Tartu klaabude lasteaia r\u00fchmale 29 v\u00e4rvilist s\u00e4rki \ud83d\ude42<\/p>\n<p><img loading=\"lazy\" decoding=\"async\" class=\"alignnone\" src=\"https:\/\/lh5.googleusercontent.com\/-gy77m3sfwK4\/Tt2xW3K8vXI\/AAAAAAAAJ6s\/xseNHC7KW9s\/s720\/DSC_0019-1.JPG\" alt=\"\" width=\"720\" height=\"480\" \/><\/p>\n<p>Poistel on siis helesinised&#8230;<\/p>\n<p><img loading=\"lazy\" decoding=\"async\" class=\"alignnone\" src=\"https:\/\/lh6.googleusercontent.com\/--xVdRPEC2GU\/Tt2xYZcD2tI\/AAAAAAAAJ6w\/m410nzzEHUg\/s720\/DSC_0020-1.JPG\" alt=\"\" width=\"720\" height=\"479\" \/><\/p>\n<p>T\u00fcdrukutel roosad&#8230;<\/p>\n<p><img loading=\"lazy\" decoding=\"async\" class=\"alignnone\" src=\"https:\/\/lh3.googleusercontent.com\/-jM2oF0uTMfc\/Tt2xaH790fI\/AAAAAAAAJ60\/iwnC5tNdrC8\/s720\/DSC_0021-1.JPG\" alt=\"\" width=\"720\" height=\"479\" \/><\/p>\n<p>Ja \u00f5petajatel laimirohelised \ud83d\ude42<\/p>\n<p><img loading=\"lazy\" decoding=\"async\" class=\"alignnone\" src=\"https:\/\/lh5.googleusercontent.com\/-HAVjBeTx84E\/Tt2xcJxLZvI\/AAAAAAAAJ64\/Y2Xt7Hun0GE\/s720\/DSC_0022-1.JPG\" alt=\"\" width=\"720\" height=\"479\" \/><\/p>\n<p>J\u00e4lgige neid v\u00e4ikeseid siilikesi&#8230;.kuna tegu on siili nimelise r\u00fchma lastega, siis sai see ka lisatud \ud83d\ude09<\/p>\n<p>H\u00e4id j\u00f5ule pisikesed ja suured klaabud \ud83d\ude00<\/p>\n<p><em>NB: klaabude maalimiseks on saadud autori luba!<\/em><\/p>\n<p>&nbsp;<\/p>\n","protected":false},"excerpt":{"rendered":"<p>Esimene j\u00f5ulu kink on valmis, esimene suur kink siis. Tartu klaabude lasteaia r\u00fchmale 29 v\u00e4rvilist s\u00e4rki \ud83d\ude42 Poistel on siis helesinised&#8230; T\u00fcdrukutel roosad&#8230; Ja \u00f5petajatel laimirohelised \ud83d\ude42 J\u00e4lgige neid v\u00e4ikeseid siilikesi&#8230;.kuna tegu on siili nimelise r\u00fchma lastega, siis sai see ka lisatud \ud83d\ude09 H\u00e4id j\u00f5ule pisikesed ja suured klaabud \ud83d\ude00 NB: klaabude maalimiseks on saadud [&hellip;]<\/p>\n","protected":false},"author":3,"featured_media":0,"comment_status":"open","ping_status":"open","sticky":false,"template":"","format":"standard","meta":{"footnotes":""},"categories":[1],"tags":[28,35],"class_list":["post-577","post","type-post","status-publish","format-standard","hentry","category-uncategorized","tag-maalimine","tag-tesktiil"],"_links":{"self":[{"href":"https:\/\/www.vikipesa.ee\/index.php?rest_route=\/wp\/v2\/posts\/577","targetHints":{"allow":["GET"]}}],"collection":[{"href":"https:\/\/www.vikipesa.ee\/index.php?rest_route=\/wp\/v2\/posts"}],"about":[{"href":"https:\/\/www.vikipesa.ee\/index.php?rest_route=\/wp\/v2\/types\/post"}],"author":[{"embeddable":true,"href":"https:\/\/www.vikipesa.ee\/index.php?rest_route=\/wp\/v2\/users\/3"}],"replies":[{"embeddable":true,"href":"https:\/\/www.vikipesa.ee\/index.php?rest_route=%2Fwp%2Fv2%2Fcomments&post=577"}],"version-history":[{"count":3,"href":"https:\/\/www.vikipesa.ee\/index.php?rest_route=\/wp\/v2\/posts\/577\/revisions"}],"predecessor-version":[{"id":579,"href":"https:\/\/www.vikipesa.ee\/index.php?rest_route=\/wp\/v2\/posts\/577\/revisions\/579"}],"wp:attachment":[{"href":"https:\/\/www.vikipesa.ee\/index.php?rest_route=%2Fwp%2Fv2%2Fmedia&parent=577"}],"wp:term":[{"taxonomy":"category","embeddable":true,"href":"https:\/\/www.vikipesa.ee\/index.php?rest_route=%2Fwp%2Fv2%2Fcategories&post=577"},{"taxonomy":"post_tag","embeddable":true,"href":"https:\/\/www.vikipesa.ee\/index.php?rest_route=%2Fwp%2Fv2%2Ftags&post=577"}],"curies":[{"name":"wp","href":"https:\/\/api.w.org\/{rel}","templated":true}]}}