{"id":713,"date":"2012-09-27T22:17:07","date_gmt":"2012-09-27T19:17:07","guid":{"rendered":"http:\/\/www.vikipesa.ee\/?p=713"},"modified":"2012-09-27T22:18:09","modified_gmt":"2012-09-27T19:18:09","slug":"emme-sodis-seinu-d","status":"publish","type":"post","link":"https:\/\/www.vikipesa.ee\/?p=713","title":{"rendered":"Emme sodis seinu :D"},"content":{"rendered":"<p>Anna veel luba ja viki saabub oma lapse r\u00fchma ja sodib t\u00e4is k\u00f5ik seinad \ud83d\ude09 Kahel korra sai siis k\u00e4idud, kokku 6h.<br \/>\nEsimene suurim pilt sai otse m\u00e4ngutuppa<\/p>\n<p><img loading=\"lazy\" decoding=\"async\" class=\"alignnone\" src=\"https:\/\/lh6.googleusercontent.com\/-p-U3eeRNtKM\/UGSgE1feGnI\/AAAAAAAALU4\/JNYU0eMMTVg\/s720\/DSC_0128-002.JPG\" alt=\"\" width=\"720\" height=\"479\" \/><\/p>\n<p>Samas toas kaks pisikest j\u00e4nkut piilumas uste juures&#8230;piilur-j\u00e4nesed \ud83d\ude1b<\/p>\n<p><img loading=\"lazy\" decoding=\"async\" class=\"alignnone\" src=\"https:\/\/lh3.googleusercontent.com\/-2UyABvJoIas\/UGSgBtDYKQI\/AAAAAAAALUo\/5gBqA9Au6q8\/s512\/DSC_0126-003.JPG\" alt=\"\" width=\"340\" height=\"512\" \/> <img loading=\"lazy\" decoding=\"async\" class=\"alignnone\" src=\"https:\/\/lh4.googleusercontent.com\/-HgfOXwJzaRI\/UGSgAs0JWVI\/AAAAAAAALUg\/RVuzdAtnA7A\/s512\/DSC_0125-002.JPG\" alt=\"\" width=\"340\" height=\"512\" \/><\/p>\n<p>K\u00f6\u00f6ginurga juures tegin lae alla vallatud ahvid<\/p>\n<p><img loading=\"lazy\" decoding=\"async\" class=\"alignnone\" src=\"https:\/\/lh5.googleusercontent.com\/-ogGjLB8r6nc\/UGSgDb43FdI\/AAAAAAAALUw\/bLle8j7OLYo\/s512\/DSC_0127-002.JPG\" alt=\"\" width=\"340\" height=\"512\" \/><\/p>\n<p>Magamistuppa tegin rahuliku suure tudu-kuu<\/p>\n<p><img loading=\"lazy\" decoding=\"async\" class=\"alignnone\" src=\"https:\/\/lh4.googleusercontent.com\/-fymIJBa7slQ\/UGSgGv0pZ2I\/AAAAAAAALVA\/0w7QFcdcXfI\/s720\/DSC_0130-003.JPG\" alt=\"\" width=\"720\" height=\"479\" \/><\/p>\n<p>Neid m\u00f6\u00f6da seina jooksvaid pilve-lambaid tegin tegelikult iga seina peale, ja vastasseinas ulatuvad nad isegi voodi juurde, et see laps, kes ei maga kuu juures omab oma lambaid ja neid on n\u00fc\u00fcd ka piisavat, et lugedes magama j\u00e4\u00e4ks \ud83d\ude42<\/p>\n<p><img loading=\"lazy\" decoding=\"async\" class=\"alignnone\" src=\"https:\/\/lh3.googleusercontent.com\/-cSL8crxt_lo\/UGSgHl0wIKI\/AAAAAAAALVI\/a3qHxqJl_cg\/s912\/DSC_0132-003.JPG\" alt=\"\" width=\"547\" height=\"288\" \/><\/p>\n<p>Neid sai t\u00f5esti palju, nii palju et ei julgenud lugedagi, \u00e4kki j\u00e4\u00e4n ise ka sinna tuttu \ud83d\ude00<\/p>\n<p>Kuid koridori tegin sellised tegelased<\/p>\n<p><img loading=\"lazy\" decoding=\"async\" class=\"alignnone\" src=\"https:\/\/lh6.googleusercontent.com\/-qIL-TrFIQ7M\/UGSf9lR7nII\/AAAAAAAALUY\/rE46vQRym8c\/s512\/DSC_0124-002.JPG\" alt=\"\" width=\"340\" height=\"512\" \/><\/p>\n<p>Ukse juures on kaks j\u00e4nest, kes on isegi pikemad kui need 2-3 aastased:)<\/p>\n<p>Istumise taha&#8230;tegelikult oli \u00fcks j\u00e4nes ka kelle unustasin p\u00fc\u00fcda kaadrisse \ud83d\ude42<\/p>\n<p><img loading=\"lazy\" decoding=\"async\" class=\"alignnone\" src=\"https:\/\/lh6.googleusercontent.com\/-tnQAVvkaEGA\/UGSf8dGYqRI\/AAAAAAAALUQ\/tRF9l-LDTPI\/s512\/DSC_0123-002.JPG\" alt=\"\" width=\"340\" height=\"512\" \/> <img loading=\"lazy\" decoding=\"async\" class=\"alignnone\" src=\"https:\/\/lh6.googleusercontent.com\/-ZkR_q70Xens\/UGSf5dh4fiI\/AAAAAAAALUA\/xymQYf1aX6c\/s512\/DSC_0118-003.JPG\" alt=\"\" width=\"340\" height=\"512\" \/><\/p>\n<p>Ja suurema seina peale sai selline vallatu ussike \ud83d\ude42<\/p>\n<p><img loading=\"lazy\" decoding=\"async\" class=\"alignnone\" src=\"https:\/\/lh5.googleusercontent.com\/-2zu5LefbHHY\/UGSf67WV5sI\/AAAAAAAALUI\/sC1VBds2VjY\/s720\/DSC_0119-003.JPG\" alt=\"\" width=\"720\" height=\"479\" \/><\/p>\n<p>Eemine kord v\u00f5eti pildid v\u00e4ga h\u00e4sti vastu, loodan, et ka seekord \ud83d\ude42<\/p>\n","protected":false},"excerpt":{"rendered":"<p>Anna veel luba ja viki saabub oma lapse r\u00fchma ja sodib t\u00e4is k\u00f5ik seinad \ud83d\ude09 Kahel korra sai siis k\u00e4idud, kokku 6h. Esimene suurim pilt sai otse m\u00e4ngutuppa Samas toas kaks pisikest j\u00e4nkut piilumas uste juures&#8230;piilur-j\u00e4nesed \ud83d\ude1b K\u00f6\u00f6ginurga juures tegin lae alla vallatud ahvid Magamistuppa tegin rahuliku suure tudu-kuu Neid m\u00f6\u00f6da seina jooksvaid pilve-lambaid tegin [&hellip;]<\/p>\n","protected":false},"author":3,"featured_media":0,"comment_status":"open","ping_status":"open","sticky":false,"template":"","format":"standard","meta":{"footnotes":""},"categories":[1],"tags":[36,28],"class_list":["post-713","post","type-post","status-publish","format-standard","hentry","category-uncategorized","tag-koostoo","tag-maalimine"],"_links":{"self":[{"href":"https:\/\/www.vikipesa.ee\/index.php?rest_route=\/wp\/v2\/posts\/713","targetHints":{"allow":["GET"]}}],"collection":[{"href":"https:\/\/www.vikipesa.ee\/index.php?rest_route=\/wp\/v2\/posts"}],"about":[{"href":"https:\/\/www.vikipesa.ee\/index.php?rest_route=\/wp\/v2\/types\/post"}],"author":[{"embeddable":true,"href":"https:\/\/www.vikipesa.ee\/index.php?rest_route=\/wp\/v2\/users\/3"}],"replies":[{"embeddable":true,"href":"https:\/\/www.vikipesa.ee\/index.php?rest_route=%2Fwp%2Fv2%2Fcomments&post=713"}],"version-history":[{"count":2,"href":"https:\/\/www.vikipesa.ee\/index.php?rest_route=\/wp\/v2\/posts\/713\/revisions"}],"predecessor-version":[{"id":715,"href":"https:\/\/www.vikipesa.ee\/index.php?rest_route=\/wp\/v2\/posts\/713\/revisions\/715"}],"wp:attachment":[{"href":"https:\/\/www.vikipesa.ee\/index.php?rest_route=%2Fwp%2Fv2%2Fmedia&parent=713"}],"wp:term":[{"taxonomy":"category","embeddable":true,"href":"https:\/\/www.vikipesa.ee\/index.php?rest_route=%2Fwp%2Fv2%2Fcategories&post=713"},{"taxonomy":"post_tag","embeddable":true,"href":"https:\/\/www.vikipesa.ee\/index.php?rest_route=%2Fwp%2Fv2%2Ftags&post=713"}],"curies":[{"name":"wp","href":"https:\/\/api.w.org\/{rel}","templated":true}]}}