{"id":78,"date":"2009-11-27T01:29:09","date_gmt":"2009-11-26T22:29:09","guid":{"rendered":"http:\/\/www.vikipesa.ee\/?p=78"},"modified":"2010-02-15T08:53:03","modified_gmt":"2010-02-15T05:53:03","slug":"kaks-aarmust-ehk-talvised-pruudid","status":"publish","type":"post","link":"https:\/\/www.vikipesa.ee\/?p=78","title":{"rendered":"Kaks \u00e4\u00e4rmust, ehk talvised pruudid&#8230;"},"content":{"rendered":"<p>Kes \u00fctles, et talvel pole ilus aeg pulmi teha \ud83d\ude09 Kaks tublit pruuti kelle stiilid on \u00fclimalt erinevad.<\/p>\n<p>\u00d5rn, roosa, roosiline, romantiline, jnejnejne&#8230;. Sisse sai kahes keeles tekstid: eesti ja vene. 30 kutset.<\/p>\n<p><img loading=\"lazy\" decoding=\"async\" class=\"alignnone\" src=\"http:\/\/lh6.ggpht.com\/_axKkGNOrzNc\/Sw7_HiBlq8I\/AAAAAAAADrk\/EqTMNsI3bXY\/s512\/ISETEGIJA62.jpg\" alt=\"\" width=\"362\" height=\"512\" \/><\/p>\n<p>Kohviga v\u00e4rvitud paber, mille \u00e4\u00e4red on p\u00f5letatud ja peale kleebitud isetehtud paberist s\u00fcdamed. Akr\u00fc\u00fcliga maalitud \u00e4mblikuv\u00f5rk ja vallatu \u00e4mblik, kes on siis need kaks s\u00fcdant oma v\u00f5rku p\u00f5iminud. Selline stiil on pruudi algatatud idee, kuna kutsub enda endises vanglas toimuvat pulma ja k\u00f5ike sellega kaasnevat veidraks v\u00f5i kummaliseks \ud83d\ude09 40 kutset mille sisud said ka kahte keelde tehtud: eesti ja soome.<\/p>\n<p><img loading=\"lazy\" decoding=\"async\" class=\"alignnone\" src=\"http:\/\/lh4.ggpht.com\/_axKkGNOrzNc\/Sw7_Iqr3KuI\/AAAAAAAADro\/XxCCKsTCbrM\/s640\/ISETEGIJA61.jpg\" alt=\"\" width=\"640\" height=\"453\" \/><\/p>\n<p>Hullumeelne j\u00f5ulueelne n\u00e4dal on k\u00e4imas, t\u00f5mban siin Tallinna poolele teha siis oma viimaseid kursuseid ja siis piiiiiiik puhkus \ud83d\ude42<\/p>\n","protected":false},"excerpt":{"rendered":"<p>Kes \u00fctles, et talvel pole ilus aeg pulmi teha \ud83d\ude09 Kaks tublit pruuti kelle stiilid on \u00fclimalt erinevad. \u00d5rn, roosa, roosiline, romantiline, jnejnejne&#8230;. Sisse sai kahes keeles tekstid: eesti ja vene. 30 kutset. Kohviga v\u00e4rvitud paber, mille \u00e4\u00e4red on p\u00f5letatud ja peale kleebitud isetehtud paberist s\u00fcdamed. Akr\u00fc\u00fcliga maalitud \u00e4mblikuv\u00f5rk ja vallatu \u00e4mblik, kes on siis [&hellip;]<\/p>\n","protected":false},"author":3,"featured_media":0,"comment_status":"open","ping_status":"open","sticky":false,"template":"","format":"standard","meta":{"footnotes":""},"categories":[1],"tags":[8,7],"class_list":["post-78","post","type-post","status-publish","format-standard","hentry","category-uncategorized","tag-kutsed","tag-pulmad"],"_links":{"self":[{"href":"https:\/\/www.vikipesa.ee\/index.php?rest_route=\/wp\/v2\/posts\/78","targetHints":{"allow":["GET"]}}],"collection":[{"href":"https:\/\/www.vikipesa.ee\/index.php?rest_route=\/wp\/v2\/posts"}],"about":[{"href":"https:\/\/www.vikipesa.ee\/index.php?rest_route=\/wp\/v2\/types\/post"}],"author":[{"embeddable":true,"href":"https:\/\/www.vikipesa.ee\/index.php?rest_route=\/wp\/v2\/users\/3"}],"replies":[{"embeddable":true,"href":"https:\/\/www.vikipesa.ee\/index.php?rest_route=%2Fwp%2Fv2%2Fcomments&post=78"}],"version-history":[{"count":2,"href":"https:\/\/www.vikipesa.ee\/index.php?rest_route=\/wp\/v2\/posts\/78\/revisions"}],"predecessor-version":[{"id":126,"href":"https:\/\/www.vikipesa.ee\/index.php?rest_route=\/wp\/v2\/posts\/78\/revisions\/126"}],"wp:attachment":[{"href":"https:\/\/www.vikipesa.ee\/index.php?rest_route=%2Fwp%2Fv2%2Fmedia&parent=78"}],"wp:term":[{"taxonomy":"category","embeddable":true,"href":"https:\/\/www.vikipesa.ee\/index.php?rest_route=%2Fwp%2Fv2%2Fcategories&post=78"},{"taxonomy":"post_tag","embeddable":true,"href":"https:\/\/www.vikipesa.ee\/index.php?rest_route=%2Fwp%2Fv2%2Ftags&post=78"}],"curies":[{"name":"wp","href":"https:\/\/api.w.org\/{rel}","templated":true}]}}